{"id":6140,"date":"2025-09-12T11:18:00","date_gmt":"2025-09-12T09:18:00","guid":{"rendered":"https:\/\/www.apn.cm\/?p=6140"},"modified":"2026-01-26T15:25:04","modified_gmt":"2026-01-26T14:25:04","slug":"clap-de-fin-pour-le-ministre-gounoko-haounaye","status":"publish","type":"post","link":"https:\/\/www.apn.cm\/en\/2025\/09\/12\/clap-de-fin-pour-le-ministre-gounoko-haounaye\/","title":{"rendered":"FINAL CURTAIN FOR MINISTER GOUNOKO HAOUNAYE"},"content":{"rendered":"<div dir=\"auto\">Mme le Directeur G\u00e9n\u00e9ral a.i, PAMELA AYUKETAH, a conduit le 08 septembre 2025, la d\u00e9l\u00e9gation de l&#8217;Autorit\u00e9 Portuaire Nationale \u00e0 NDJERENG, village natal du Pr\u00e9sident du Conseil d&#8217;administration de l&#8217;APN, de regrett\u00e9e m\u00e9moire, pour lui rendre un DERNIER hommage.<\/div>\n<div dir=\"auto\">Il est 12h 45, ce mardi 09 septembre 2025, lorsque L&#8217;IMAM appelle \u00e0 la pri\u00e8re d&#8217;inhumation .<\/div>\n<div dir=\"auto\">C&#8217;est devant une foule immense, compos\u00e9e de HAUTES PERSONNALITES, que la d\u00e9pouille va quitter la SC\u00c8NE pour le SILENCE OBSCUR et \u00c9TERNEL.<\/div>\n<div dir=\"auto\">Le PCA, repose d\u00e9sormais dans sa terre qui l&#8217;a vu NA\u00ceTRE et GRANDIR.<\/div>\n<div dir=\"auto\"><img decoding=\"async\" class=\"alignnone size-medium wp-image-6144\" src=\"https:\/\/www.apn.cm\/wp-content\/uploads\/2025\/09\/PCA1-1-300x157.jpg\" alt=\"\" width=\"300\" height=\"157\" srcset=\"https:\/\/www.apn.cm\/wp-content\/uploads\/2025\/09\/PCA1-1-300x157.jpg 300w, https:\/\/www.apn.cm\/wp-content\/uploads\/2025\/09\/PCA1-1-768x402.jpg 768w, https:\/\/www.apn.cm\/wp-content\/uploads\/2025\/09\/PCA1-1-18x9.jpg 18w, https:\/\/www.apn.cm\/wp-content\/uploads\/2025\/09\/PCA1-1.jpg 785w\" sizes=\"(max-width: 300px) 100vw, 300px\" \/><img decoding=\"async\" class=\"alignnone size-medium wp-image-6143\" src=\"https:\/\/www.apn.cm\/wp-content\/uploads\/2025\/09\/PCA6-300x157.jpg\" alt=\"\" width=\"300\" height=\"157\" srcset=\"https:\/\/www.apn.cm\/wp-content\/uploads\/2025\/09\/PCA6-300x157.jpg 300w, https:\/\/www.apn.cm\/wp-content\/uploads\/2025\/09\/PCA6-768x402.jpg 768w, https:\/\/www.apn.cm\/wp-content\/uploads\/2025\/09\/PCA6-18x9.jpg 18w, https:\/\/www.apn.cm\/wp-content\/uploads\/2025\/09\/PCA6.jpg 900w\" sizes=\"(max-width: 300px) 100vw, 300px\" \/><img decoding=\"async\" class=\"alignnone size-medium wp-image-6142\" src=\"https:\/\/www.apn.cm\/wp-content\/uploads\/2025\/09\/PCA3-300x157.jpg\" alt=\"\" width=\"300\" height=\"157\" srcset=\"https:\/\/www.apn.cm\/wp-content\/uploads\/2025\/09\/PCA3-300x157.jpg 300w, https:\/\/www.apn.cm\/wp-content\/uploads\/2025\/09\/PCA3-768x403.jpg 768w, https:\/\/www.apn.cm\/wp-content\/uploads\/2025\/09\/PCA3-18x9.jpg 18w, https:\/\/www.apn.cm\/wp-content\/uploads\/2025\/09\/PCA3.jpg 786w\" sizes=\"(max-width: 300px) 100vw, 300px\" \/><img decoding=\"async\" class=\"alignnone size-medium wp-image-6145\" src=\"https:\/\/www.apn.cm\/wp-content\/uploads\/2025\/09\/PCA9-300x157.jpg\" alt=\"\" width=\"300\" height=\"157\" srcset=\"https:\/\/www.apn.cm\/wp-content\/uploads\/2025\/09\/PCA9-300x157.jpg 300w, https:\/\/www.apn.cm\/wp-content\/uploads\/2025\/09\/PCA9-768x402.jpg 768w, https:\/\/www.apn.cm\/wp-content\/uploads\/2025\/09\/PCA9-18x9.jpg 18w, https:\/\/www.apn.cm\/wp-content\/uploads\/2025\/09\/PCA9.jpg 900w\" sizes=\"(max-width: 300px) 100vw, 300px\" \/> <img decoding=\"async\" class=\"alignnone size-medium wp-image-6146\" src=\"https:\/\/www.apn.cm\/wp-content\/uploads\/2025\/09\/PCA7-300x157.jpg\" alt=\"\" width=\"300\" height=\"157\" srcset=\"https:\/\/www.apn.cm\/wp-content\/uploads\/2025\/09\/PCA7-300x157.jpg 300w, https:\/\/www.apn.cm\/wp-content\/uploads\/2025\/09\/PCA7-18x9.jpg 18w, https:\/\/www.apn.cm\/wp-content\/uploads\/2025\/09\/PCA7.jpg 600w\" sizes=\"(max-width: 300px) 100vw, 300px\" \/><\/div>","protected":false},"excerpt":{"rendered":"<p>Mme le Directeur G\u00e9n\u00e9ral a.i, PAMELA AYUKETAH, a conduit le 08 septembre 2025, la d\u00e9l\u00e9gation de l&#8217;Autorit\u00e9 Portuaire Nationale \u00e0 NDJERENG, village natal du Pr\u00e9sident du Conseil d&#8217;administration de l&#8217;APN, de regrett\u00e9e m\u00e9moire, pour lui rendre un DERNIER hommage. Il est 12h 45, ce mardi 09 septembre 2025, lorsque L&#8217;IMAM appelle \u00e0 la pri\u00e8re d&#8217;inhumation [&hellip;]<\/p>","protected":false},"author":1,"featured_media":0,"comment_status":"open","ping_status":"open","sticky":false,"template":"","format":"standard","meta":{"_mi_skip_tracking":false,"_monsterinsights_sitenote_active":false,"_monsterinsights_sitenote_note":"","_monsterinsights_sitenote_category":0,"footnotes":""},"categories":[49],"tags":[],"class_list":["post-6140","post","type-post","status-publish","format-standard","hentry","category-actualites"],"acf":[],"_links":{"self":[{"href":"https:\/\/www.apn.cm\/en\/wp-json\/wp\/v2\/posts\/6140","targetHints":{"allow":["GET"]}}],"collection":[{"href":"https:\/\/www.apn.cm\/en\/wp-json\/wp\/v2\/posts"}],"about":[{"href":"https:\/\/www.apn.cm\/en\/wp-json\/wp\/v2\/types\/post"}],"author":[{"embeddable":true,"href":"https:\/\/www.apn.cm\/en\/wp-json\/wp\/v2\/users\/1"}],"replies":[{"embeddable":true,"href":"https:\/\/www.apn.cm\/en\/wp-json\/wp\/v2\/comments?post=6140"}],"version-history":[{"count":2,"href":"https:\/\/www.apn.cm\/en\/wp-json\/wp\/v2\/posts\/6140\/revisions"}],"predecessor-version":[{"id":6148,"href":"https:\/\/www.apn.cm\/en\/wp-json\/wp\/v2\/posts\/6140\/revisions\/6148"}],"wp:attachment":[{"href":"https:\/\/www.apn.cm\/en\/wp-json\/wp\/v2\/media?parent=6140"}],"wp:term":[{"taxonomy":"category","embeddable":true,"href":"https:\/\/www.apn.cm\/en\/wp-json\/wp\/v2\/categories?post=6140"},{"taxonomy":"post_tag","embeddable":true,"href":"https:\/\/www.apn.cm\/en\/wp-json\/wp\/v2\/tags?post=6140"}],"curies":[{"name":"wp","href":"https:\/\/api.w.org\/{rel}","templated":true}]}}